{"id":786,"date":"2025-11-14T18:26:29","date_gmt":"2025-11-14T17:26:29","guid":{"rendered":"https:\/\/cap-ailly.com\/capaillyblog\/?p=786"},"modified":"2025-11-14T18:29:42","modified_gmt":"2025-11-14T17:29:42","slug":"concert-de-noel","status":"publish","type":"post","link":"https:\/\/cap-ailly.com\/capaillyblog\/concert-de-noel\/","title":{"rendered":"Concert de No\u00ebl"},"content":{"rendered":"\n<p>Le concert de No\u00ebl C.A.P d&rsquo;Ailly est de retour ! Rendez-vous le 20 d\u00e9cembre prochain \u00e0 18h en l&rsquo;\u00e9glise de Saint-Marguerite-sur-Mer avec l&rsquo;Ensemble Vocal Lyrico Presto pour un r\u00e9cital lyrique de toute beaut\u00e9 afin d&rsquo;entrer dans la magie de No\u00ebl ! <\/p>\n\n\n\n<p>Tarifs 15\u20ac par personne \/ 10\u20ac par adh\u00e9rent C.A.P d&rsquo;Ailly \/ Gratuit moins de 14 ans<\/p>\n\n\n\n<figure class=\"wp-block-image size-large\"><img loading=\"lazy\" decoding=\"async\" width=\"724\" height=\"1024\" src=\"https:\/\/cap-ailly.com\/capaillyblog\/wp-content\/uploads\/2025\/11\/Affiche-concert-20.12.25-724x1024.png\" alt=\"\" class=\"wp-image-787\" srcset=\"https:\/\/cap-ailly.com\/capaillyblog\/wp-content\/uploads\/2025\/11\/Affiche-concert-20.12.25-724x1024.png 724w, https:\/\/cap-ailly.com\/capaillyblog\/wp-content\/uploads\/2025\/11\/Affiche-concert-20.12.25-212x300.png 212w, https:\/\/cap-ailly.com\/capaillyblog\/wp-content\/uploads\/2025\/11\/Affiche-concert-20.12.25-768x1086.png 768w, https:\/\/cap-ailly.com\/capaillyblog\/wp-content\/uploads\/2025\/11\/Affiche-concert-20.12.25-1086x1536.png 1086w, https:\/\/cap-ailly.com\/capaillyblog\/wp-content\/uploads\/2025\/11\/Affiche-concert-20.12.25.png 1414w\" sizes=\"auto, (max-width: 724px) 100vw, 724px\" \/><\/figure>\n\n\n\n<h2 class=\"wp-block-heading\"><strong>Billetterie<\/strong><\/h2>\n\n\n\n<p>Cliquez ci-dessous sur Participer pour acheter vos places ! <\/p>\n\n\n\n<iframe id=\"haWidget\" allowtransparency=\"true\" src=\"https:\/\/www.helloasso.com\/associations\/cap-d-ailly-culture-art-et-patrimoine-du-pays-de-l-ailly\/evenements\/concert-de-noel-lyrico-presto\/widget-bouton\" style=\"width: 100%; height: 70px; border: none;\" onload=\"window.addEventListener( 'message', function(e) { const dataHeight = e.data.height; const haWidgetElement = document.getElementById('haWidget'); haWidgetElement.height = dataHeight + 'px'; } )\" ><\/iframe>\n\n\n\n<p><\/p>\n","protected":false},"excerpt":{"rendered":"<p>Le concert de No\u00ebl C.A.P d&rsquo;Ailly est de retour ! Rendez-vous le 20 d\u00e9cembre prochain \u00e0 18h en l&rsquo;\u00e9glise de Saint-Marguerite-sur-Mer avec l&rsquo;Ensemble Vocal Lyrico Presto pour un r\u00e9cital lyrique &hellip; <\/p>\n<p class=\"link-more\"><a href=\"https:\/\/cap-ailly.com\/capaillyblog\/concert-de-noel\/\" class=\"more-link\">Continuer la lecture<span class=\"screen-reader-text\"> de &laquo;&nbsp;Concert de No\u00ebl&nbsp;&raquo;<\/span><\/a><\/p>\n","protected":false},"author":9,"featured_media":0,"comment_status":"closed","ping_status":"closed","sticky":false,"template":"","format":"standard","meta":{"footnotes":""},"categories":[1],"tags":[],"class_list":["post-786","post","type-post","status-publish","format-standard","hentry","category-non-classe"],"_links":{"self":[{"href":"https:\/\/cap-ailly.com\/capaillyblog\/wp-json\/wp\/v2\/posts\/786","targetHints":{"allow":["GET"]}}],"collection":[{"href":"https:\/\/cap-ailly.com\/capaillyblog\/wp-json\/wp\/v2\/posts"}],"about":[{"href":"https:\/\/cap-ailly.com\/capaillyblog\/wp-json\/wp\/v2\/types\/post"}],"author":[{"embeddable":true,"href":"https:\/\/cap-ailly.com\/capaillyblog\/wp-json\/wp\/v2\/users\/9"}],"replies":[{"embeddable":true,"href":"https:\/\/cap-ailly.com\/capaillyblog\/wp-json\/wp\/v2\/comments?post=786"}],"version-history":[{"count":2,"href":"https:\/\/cap-ailly.com\/capaillyblog\/wp-json\/wp\/v2\/posts\/786\/revisions"}],"predecessor-version":[{"id":790,"href":"https:\/\/cap-ailly.com\/capaillyblog\/wp-json\/wp\/v2\/posts\/786\/revisions\/790"}],"wp:attachment":[{"href":"https:\/\/cap-ailly.com\/capaillyblog\/wp-json\/wp\/v2\/media?parent=786"}],"wp:term":[{"taxonomy":"category","embeddable":true,"href":"https:\/\/cap-ailly.com\/capaillyblog\/wp-json\/wp\/v2\/categories?post=786"},{"taxonomy":"post_tag","embeddable":true,"href":"https:\/\/cap-ailly.com\/capaillyblog\/wp-json\/wp\/v2\/tags?post=786"}],"curies":[{"name":"wp","href":"https:\/\/api.w.org\/{rel}","templated":true}]}}