{"id":756,"date":"2024-12-13T18:28:57","date_gmt":"2024-12-13T17:28:57","guid":{"rendered":"https:\/\/cap-ailly.com\/capaillyblog\/?p=756"},"modified":"2024-12-13T19:00:56","modified_gmt":"2024-12-13T18:00:56","slug":"concert-avant-noel","status":"publish","type":"post","link":"https:\/\/cap-ailly.com\/capaillyblog\/concert-avant-noel\/","title":{"rendered":"Concert avant No\u00ebl"},"content":{"rendered":"\n<p>Nous vous attendons nombreux pour notre traditionnel concert de fin d&rsquo;ann\u00e9e le samedi 21 d\u00e9cembre 2024 \u00e0 18h \u00e0 l&rsquo;\u00e9glise de Sainte-Marguerite-sur-Mer avec Cesar Velev et Fran\u00e7oise Blin !<\/p>\n\n\n\n<p>Entr\u00e9e 10\u20ac \/ adh\u00e9rent Cap d&rsquo;Ailly 15\u20ac \/ Public et Gratuit \/ moins de 14 ans <\/p>\n\n\n\n<p><strong><a href=\"https:\/\/www.helloasso.com\/associations\/cap-d-ailly-culture-art-et-patrimoine-du-pays-de-l-ailly\/evenements\/concert-avant-noel\">Billetterie ici <\/a><\/strong><\/p>\n\n\n\n<figure class=\"wp-block-image size-large is-resized\"><img loading=\"lazy\" decoding=\"async\" width=\"724\" height=\"1024\" src=\"https:\/\/cap-ailly.com\/capaillyblog\/wp-content\/uploads\/2024\/12\/Affiche-concert-211224-1-724x1024.png\" alt=\"\" class=\"wp-image-757\" style=\"width:457px;height:auto\" srcset=\"https:\/\/cap-ailly.com\/capaillyblog\/wp-content\/uploads\/2024\/12\/Affiche-concert-211224-1-724x1024.png 724w, https:\/\/cap-ailly.com\/capaillyblog\/wp-content\/uploads\/2024\/12\/Affiche-concert-211224-1-212x300.png 212w, https:\/\/cap-ailly.com\/capaillyblog\/wp-content\/uploads\/2024\/12\/Affiche-concert-211224-1-768x1086.png 768w, https:\/\/cap-ailly.com\/capaillyblog\/wp-content\/uploads\/2024\/12\/Affiche-concert-211224-1-1086x1536.png 1086w, https:\/\/cap-ailly.com\/capaillyblog\/wp-content\/uploads\/2024\/12\/Affiche-concert-211224-1.png 1414w\" sizes=\"auto, (max-width: 724px) 100vw, 724px\" \/><\/figure>\n","protected":false},"excerpt":{"rendered":"<p>Nous vous attendons nombreux pour notre traditionnel concert de fin d&rsquo;ann\u00e9e le samedi 21 d\u00e9cembre 2024 \u00e0 18h \u00e0 l&rsquo;\u00e9glise de Sainte-Marguerite-sur-Mer avec Cesar Velev et Fran\u00e7oise Blin ! Entr\u00e9e &hellip; <\/p>\n<p class=\"link-more\"><a href=\"https:\/\/cap-ailly.com\/capaillyblog\/concert-avant-noel\/\" class=\"more-link\">Continuer la lecture<span class=\"screen-reader-text\"> de &laquo;&nbsp;Concert avant No\u00ebl&nbsp;&raquo;<\/span><\/a><\/p>\n","protected":false},"author":9,"featured_media":0,"comment_status":"closed","ping_status":"closed","sticky":false,"template":"","format":"standard","meta":{"footnotes":""},"categories":[1],"tags":[],"class_list":["post-756","post","type-post","status-publish","format-standard","hentry","category-non-classe"],"_links":{"self":[{"href":"https:\/\/cap-ailly.com\/capaillyblog\/wp-json\/wp\/v2\/posts\/756","targetHints":{"allow":["GET"]}}],"collection":[{"href":"https:\/\/cap-ailly.com\/capaillyblog\/wp-json\/wp\/v2\/posts"}],"about":[{"href":"https:\/\/cap-ailly.com\/capaillyblog\/wp-json\/wp\/v2\/types\/post"}],"author":[{"embeddable":true,"href":"https:\/\/cap-ailly.com\/capaillyblog\/wp-json\/wp\/v2\/users\/9"}],"replies":[{"embeddable":true,"href":"https:\/\/cap-ailly.com\/capaillyblog\/wp-json\/wp\/v2\/comments?post=756"}],"version-history":[{"count":2,"href":"https:\/\/cap-ailly.com\/capaillyblog\/wp-json\/wp\/v2\/posts\/756\/revisions"}],"predecessor-version":[{"id":761,"href":"https:\/\/cap-ailly.com\/capaillyblog\/wp-json\/wp\/v2\/posts\/756\/revisions\/761"}],"wp:attachment":[{"href":"https:\/\/cap-ailly.com\/capaillyblog\/wp-json\/wp\/v2\/media?parent=756"}],"wp:term":[{"taxonomy":"category","embeddable":true,"href":"https:\/\/cap-ailly.com\/capaillyblog\/wp-json\/wp\/v2\/categories?post=756"},{"taxonomy":"post_tag","embeddable":true,"href":"https:\/\/cap-ailly.com\/capaillyblog\/wp-json\/wp\/v2\/tags?post=756"}],"curies":[{"name":"wp","href":"https:\/\/api.w.org\/{rel}","templated":true}]}}