{"id":743,"date":"2024-09-04T13:32:38","date_gmt":"2024-09-04T11:32:38","guid":{"rendered":"https:\/\/cap-ailly.com\/capaillyblog\/?p=743"},"modified":"2024-09-04T13:32:39","modified_gmt":"2024-09-04T11:32:39","slug":"journees-du-patrimoine-2024","status":"publish","type":"post","link":"https:\/\/cap-ailly.com\/capaillyblog\/journees-du-patrimoine-2024\/","title":{"rendered":"Journ\u00e9es du Patrimoine 2024"},"content":{"rendered":"\n<p>Ouverture du Phare d&rsquo;Ailly <\/p>\n\n\n\n<p>Nos b\u00e9n\u00e9voles vous attendent les samedi 21 et dimanche 22 septembre pour des visites comment\u00e9es du Phare d&rsquo;Ailly ! <\/p>\n\n\n\n<p>Rendez vous de 10h \u00e0 12h et de 14h \u00e0 17h30, sans r\u00e9servation. Gratuit ! <\/p>\n\n\n\n<figure class=\"wp-block-image size-large\"><img loading=\"lazy\" decoding=\"async\" width=\"724\" height=\"1024\" src=\"https:\/\/cap-ailly.com\/capaillyblog\/wp-content\/uploads\/2024\/09\/JEP-2024-Phare-724x1024.jpg\" alt=\"\" class=\"wp-image-744\" srcset=\"https:\/\/cap-ailly.com\/capaillyblog\/wp-content\/uploads\/2024\/09\/JEP-2024-Phare-724x1024.jpg 724w, https:\/\/cap-ailly.com\/capaillyblog\/wp-content\/uploads\/2024\/09\/JEP-2024-Phare-212x300.jpg 212w, https:\/\/cap-ailly.com\/capaillyblog\/wp-content\/uploads\/2024\/09\/JEP-2024-Phare-768x1086.jpg 768w, https:\/\/cap-ailly.com\/capaillyblog\/wp-content\/uploads\/2024\/09\/JEP-2024-Phare-1086x1536.jpg 1086w, https:\/\/cap-ailly.com\/capaillyblog\/wp-content\/uploads\/2024\/09\/JEP-2024-Phare-1448x2048.jpg 1448w, https:\/\/cap-ailly.com\/capaillyblog\/wp-content\/uploads\/2024\/09\/JEP-2024-Phare.jpg 1587w\" sizes=\"auto, (max-width: 724px) 100vw, 724px\" \/><\/figure>\n","protected":false},"excerpt":{"rendered":"<p>Ouverture du Phare d&rsquo;Ailly Nos b\u00e9n\u00e9voles vous attendent les samedi 21 et dimanche 22 septembre pour des visites comment\u00e9es du Phare d&rsquo;Ailly ! Rendez vous de 10h \u00e0 12h et &hellip; <\/p>\n<p class=\"link-more\"><a href=\"https:\/\/cap-ailly.com\/capaillyblog\/journees-du-patrimoine-2024\/\" class=\"more-link\">Continuer la lecture<span class=\"screen-reader-text\"> de &laquo;&nbsp;Journ\u00e9es du Patrimoine 2024&nbsp;&raquo;<\/span><\/a><\/p>\n","protected":false},"author":9,"featured_media":0,"comment_status":"closed","ping_status":"closed","sticky":false,"template":"","format":"standard","meta":{"footnotes":""},"categories":[1],"tags":[],"class_list":["post-743","post","type-post","status-publish","format-standard","hentry","category-non-classe"],"_links":{"self":[{"href":"https:\/\/cap-ailly.com\/capaillyblog\/wp-json\/wp\/v2\/posts\/743","targetHints":{"allow":["GET"]}}],"collection":[{"href":"https:\/\/cap-ailly.com\/capaillyblog\/wp-json\/wp\/v2\/posts"}],"about":[{"href":"https:\/\/cap-ailly.com\/capaillyblog\/wp-json\/wp\/v2\/types\/post"}],"author":[{"embeddable":true,"href":"https:\/\/cap-ailly.com\/capaillyblog\/wp-json\/wp\/v2\/users\/9"}],"replies":[{"embeddable":true,"href":"https:\/\/cap-ailly.com\/capaillyblog\/wp-json\/wp\/v2\/comments?post=743"}],"version-history":[{"count":1,"href":"https:\/\/cap-ailly.com\/capaillyblog\/wp-json\/wp\/v2\/posts\/743\/revisions"}],"predecessor-version":[{"id":745,"href":"https:\/\/cap-ailly.com\/capaillyblog\/wp-json\/wp\/v2\/posts\/743\/revisions\/745"}],"wp:attachment":[{"href":"https:\/\/cap-ailly.com\/capaillyblog\/wp-json\/wp\/v2\/media?parent=743"}],"wp:term":[{"taxonomy":"category","embeddable":true,"href":"https:\/\/cap-ailly.com\/capaillyblog\/wp-json\/wp\/v2\/categories?post=743"},{"taxonomy":"post_tag","embeddable":true,"href":"https:\/\/cap-ailly.com\/capaillyblog\/wp-json\/wp\/v2\/tags?post=743"}],"curies":[{"name":"wp","href":"https:\/\/api.w.org\/{rel}","templated":true}]}}