{"id":703,"date":"2024-07-06T10:01:01","date_gmt":"2024-07-06T08:01:01","guid":{"rendered":"https:\/\/cap-ailly.com\/capaillyblog\/?p=703"},"modified":"2024-09-04T13:34:23","modified_gmt":"2024-09-04T11:34:23","slug":"salon-dete-2024-du-26-juillet-au-11-aout","status":"publish","type":"post","link":"https:\/\/cap-ailly.com\/capaillyblog\/salon-dete-2024-du-26-juillet-au-11-aout\/","title":{"rendered":"Salon d&rsquo;\u00e9t\u00e9 2024 &#8211; Du 26 juillet au 11 ao\u00fbt"},"content":{"rendered":"\n<p>Le salon d&rsquo;\u00e9t\u00e9 revient du au \u00e0 la salle du Point de Rencontre de Sainte-Marguerite-sur-Mer ! L&rsquo;espace d&rsquo;exposition id\u00e9alement situ\u00e9 \u00e0 deux pas de la mer, avec parking, point de d\u00e9part id\u00e9al pour de belles balades, accueillera pour cette \u00e9dition les \u0153uvres de Viviane Dubosc.<\/p>\n\n\n\n<p>N\u00e9e le 12 mai 1965, Viviane Dubosc est originaire du Pays de Bray, en Normandie.<br>Le th\u00e8me de cette exposition intitul\u00e9e<strong> <em>Les grandes mar\u00e9es<\/em><\/strong>, est avant tout l\u2019infini de la mer, mais aussi d\u2019une certaine mani\u00e8re \u00ab la vie, l\u2019instant pr\u00e9sent, mais aussi peindre des personnages contemplatifs, de dos, invitant le visiteur \u00e0 s\u2019associer \u00e0 la sc\u00e8ne \u00bb. Peindre l\u2019introspection et les relations entre les gens, est le v\u00e9ritable fil conducteur de Viviane Dubosc qui nous propose l\u2019\u00e9vasion.<\/p>\n\n\n\n<p>\ud83d\udcc5 Du 26 juillet au 11 ao\u00fbt, tous les jours de 15h \u00e0 19h et les samedis matins de 10h \u00e0 12h<\/p>\n\n\n\n<p>\ud83d\udccd Salle du point de rencontre de Sainte-Marguerite-sur-Mer<\/p>\n\n\n\n<p>Entr\u00e9e libre, venez nombreux ! <\/p>\n\n\n\n<figure class=\"wp-block-image size-large\"><img loading=\"lazy\" decoding=\"async\" width=\"724\" height=\"1024\" src=\"https:\/\/cap-ailly.com\/capaillyblog\/wp-content\/uploads\/2024\/07\/AFFICHE-A3-Viviane-Dubosc-2-724x1024.jpg\" alt=\"\" class=\"wp-image-734\" srcset=\"https:\/\/cap-ailly.com\/capaillyblog\/wp-content\/uploads\/2024\/07\/AFFICHE-A3-Viviane-Dubosc-2-724x1024.jpg 724w, https:\/\/cap-ailly.com\/capaillyblog\/wp-content\/uploads\/2024\/07\/AFFICHE-A3-Viviane-Dubosc-2-212x300.jpg 212w, https:\/\/cap-ailly.com\/capaillyblog\/wp-content\/uploads\/2024\/07\/AFFICHE-A3-Viviane-Dubosc-2-768x1086.jpg 768w, https:\/\/cap-ailly.com\/capaillyblog\/wp-content\/uploads\/2024\/07\/AFFICHE-A3-Viviane-Dubosc-2-1086x1536.jpg 1086w, https:\/\/cap-ailly.com\/capaillyblog\/wp-content\/uploads\/2024\/07\/AFFICHE-A3-Viviane-Dubosc-2.jpg 1414w\" sizes=\"auto, (max-width: 724px) 100vw, 724px\" \/><figcaption class=\"wp-element-caption\">\u00a9Viviane Dubosc<\/figcaption><\/figure>\n","protected":false},"excerpt":{"rendered":"<p>Le salon d&rsquo;\u00e9t\u00e9 revient du au \u00e0 la salle du Point de Rencontre de Sainte-Marguerite-sur-Mer ! L&rsquo;espace d&rsquo;exposition id\u00e9alement situ\u00e9 \u00e0 deux pas de la mer, avec parking, point de &hellip; <\/p>\n<p class=\"link-more\"><a href=\"https:\/\/cap-ailly.com\/capaillyblog\/salon-dete-2024-du-26-juillet-au-11-aout\/\" class=\"more-link\">Continuer la lecture<span class=\"screen-reader-text\"> de &laquo;&nbsp;Salon d&rsquo;\u00e9t\u00e9 2024 &#8211; Du 26 juillet au 11 ao\u00fbt&nbsp;&raquo;<\/span><\/a><\/p>\n","protected":false},"author":9,"featured_media":0,"comment_status":"closed","ping_status":"closed","sticky":false,"template":"","format":"standard","meta":{"footnotes":""},"categories":[1],"tags":[],"class_list":["post-703","post","type-post","status-publish","format-standard","hentry","category-non-classe"],"_links":{"self":[{"href":"https:\/\/cap-ailly.com\/capaillyblog\/wp-json\/wp\/v2\/posts\/703","targetHints":{"allow":["GET"]}}],"collection":[{"href":"https:\/\/cap-ailly.com\/capaillyblog\/wp-json\/wp\/v2\/posts"}],"about":[{"href":"https:\/\/cap-ailly.com\/capaillyblog\/wp-json\/wp\/v2\/types\/post"}],"author":[{"embeddable":true,"href":"https:\/\/cap-ailly.com\/capaillyblog\/wp-json\/wp\/v2\/users\/9"}],"replies":[{"embeddable":true,"href":"https:\/\/cap-ailly.com\/capaillyblog\/wp-json\/wp\/v2\/comments?post=703"}],"version-history":[{"count":5,"href":"https:\/\/cap-ailly.com\/capaillyblog\/wp-json\/wp\/v2\/posts\/703\/revisions"}],"predecessor-version":[{"id":741,"href":"https:\/\/cap-ailly.com\/capaillyblog\/wp-json\/wp\/v2\/posts\/703\/revisions\/741"}],"wp:attachment":[{"href":"https:\/\/cap-ailly.com\/capaillyblog\/wp-json\/wp\/v2\/media?parent=703"}],"wp:term":[{"taxonomy":"category","embeddable":true,"href":"https:\/\/cap-ailly.com\/capaillyblog\/wp-json\/wp\/v2\/categories?post=703"},{"taxonomy":"post_tag","embeddable":true,"href":"https:\/\/cap-ailly.com\/capaillyblog\/wp-json\/wp\/v2\/tags?post=703"}],"curies":[{"name":"wp","href":"https:\/\/api.w.org\/{rel}","templated":true}]}}