{"id":696,"date":"2024-07-03T11:11:27","date_gmt":"2024-07-03T09:11:27","guid":{"rendered":"https:\/\/cap-ailly.com\/capaillyblog\/?p=696"},"modified":"2024-07-03T12:15:28","modified_gmt":"2024-07-03T10:15:28","slug":"reouverture-du-phare","status":"publish","type":"post","link":"https:\/\/cap-ailly.com\/capaillyblog\/reouverture-du-phare\/","title":{"rendered":"2024, R\u00e9ouverture du Phare !"},"content":{"rendered":"\n<p>C&rsquo;est officiel, le phare rouvre ses portes au public ! <\/p>\n\n\n\n<p>5 journ\u00e9es de visites guid\u00e9es sur r\u00e9servation sont programm\u00e9es cet \u00e9t\u00e9 ! <\/p>\n\n\n\n<p>Notre association est un partenaire essentiel qui rend possible ce projet gr\u00e2ce \u00e0 la pr\u00e9sence de ses nombreux b\u00e9n\u00e9voles pour encadrer les visites. <\/p>\n\n\n\n<p>Nous remercions chaleureusement l&rsquo;ensemble des parties qui rendent ce projet possible : l&rsquo;agglom\u00e9ration Dieppe-Maritime sur l&rsquo;impulsion de Nicolas Langlois, La DIRM, les Phares et Balises du Havre, et particuli\u00e8rement St\u00e9phane Lenormand, la commune de <a href=\"https:\/\/www.facebook.com\/MairieSainteMargueritesurmer?__cft__[0]=AZVO63ahO7iSHKKzKxdX6JZ_I3Oow81o9T0Jo7PaglTEZ20vethi6RBAC3NH1FUfZZE5M5Y3IYlbJV5mpmoKG9ensZJHzeldSZvlgMd0IVvngW4KTi-c240hfx1ywOyy8Jh9WpcuyRHns7D0VC0tUgpBefkushBJe7SKk5GpV2rZRJy2w_0w0Z8YrGG9l2qGnG-NdtUJL1lrvBzOLmV8JJD_RkBxVwYYNL9t3wJhpwgrGpuCYBCsa37qVLj9qbH95ME&amp;__tn__=-]K-R\">Mairie de Sainte Marguerite-Sur-Mer<\/a>, l&rsquo;office de tourisme de <a href=\"https:\/\/www.facebook.com\/dieppetourisme?__cft__[0]=AZVO63ahO7iSHKKzKxdX6JZ_I3Oow81o9T0Jo7PaglTEZ20vethi6RBAC3NH1FUfZZE5M5Y3IYlbJV5mpmoKG9ensZJHzeldSZvlgMd0IVvngW4KTi-c240hfx1ywOyy8Jh9WpcuyRHns7D0VC0tUgpBefkushBJe7SKk5GpV2rZRJy2w_0w0Z8YrGG9l2qGnG-NdtUJL1lrvBzOLmV8JJD_RkBxVwYYNL9t3wJhpwgrGpuCYBCsa37qVLj9qbH95ME&amp;__tn__=-]K-R\">Dieppe-Normandie Tourisme<\/a> qui organise les visites, et <a rel=\"noreferrer noopener\" href=\"https:\/\/www.facebook.com\/valentine.leger.guideconferenciere\" target=\"_blank\">Valentine L\u00e9ger<\/a> qui les assurera.<\/p>\n\n\n\n<p><img loading=\"lazy\" decoding=\"async\" height=\"16\" width=\"16\" src=\"https:\/\/static.xx.fbcdn.net\/images\/emoji.php\/v9\/t7e\/1\/16\/1f4c5.png\" alt=\"\ud83d\udcc5\"> Les dates d&rsquo;ouverture sont : les samedi 29 juin, 20 juillet, 27 juillet, 24 ao\u00fbt et le dimanche 4 ao\u00fbt. Visites d&rsquo;une heure &#8211; Plusieurs cr\u00e9neaux disponibles : 10h, 11h15, 13h30, 14h45, 16h &amp; 17h15<\/p>\n\n\n\n<p><img loading=\"lazy\" decoding=\"async\" height=\"16\" width=\"16\" src=\"https:\/\/static.xx.fbcdn.net\/images\/emoji.php\/v9\/t9e\/1\/16\/27a1.png\" alt=\"\u27a1\ufe0f\">  Vous souhaitez r\u00e9server votre place pour visiter le phare ? r\u00e9servez votre cr\u00e9neau ci-dessous : <\/p>\n\n\n\n<div class=\"easyloisirs_module\" data-hash=\"a54f0d0eea6ce36d3767fa81c7bedc86399f85ed\"><\/div>\n\n\n\n<figure class=\"wp-block-image size-large\"><img loading=\"lazy\" decoding=\"async\" width=\"1024\" height=\"768\" src=\"https:\/\/cap-ailly.com\/capaillyblog\/wp-content\/uploads\/2024\/07\/Phare-1024x768.jpg\" alt=\"\" class=\"wp-image-697\" srcset=\"https:\/\/cap-ailly.com\/capaillyblog\/wp-content\/uploads\/2024\/07\/Phare-1024x768.jpg 1024w, https:\/\/cap-ailly.com\/capaillyblog\/wp-content\/uploads\/2024\/07\/Phare-300x225.jpg 300w, https:\/\/cap-ailly.com\/capaillyblog\/wp-content\/uploads\/2024\/07\/Phare-768x576.jpg 768w, https:\/\/cap-ailly.com\/capaillyblog\/wp-content\/uploads\/2024\/07\/Phare-1536x1152.jpg 1536w, https:\/\/cap-ailly.com\/capaillyblog\/wp-content\/uploads\/2024\/07\/Phare.jpg 2048w\" sizes=\"auto, (max-width: 767px) 89vw, (max-width: 1000px) 54vw, (max-width: 1071px) 543px, 580px\" \/><figcaption class=\"wp-element-caption\">Le Phare D&rsquo;Ailly vous ouvre ses portes ! \u00a9Nathalie Heritier<\/figcaption><\/figure>\n","protected":false},"excerpt":{"rendered":"<p>C&rsquo;est officiel, le phare rouvre ses portes au public ! 5 journ\u00e9es de visites guid\u00e9es sur r\u00e9servation sont programm\u00e9es cet \u00e9t\u00e9 ! Notre association est un partenaire essentiel qui rend &hellip; <\/p>\n<p class=\"link-more\"><a href=\"https:\/\/cap-ailly.com\/capaillyblog\/reouverture-du-phare\/\" class=\"more-link\">Continuer la lecture<span class=\"screen-reader-text\"> de &laquo;&nbsp;2024, R\u00e9ouverture du Phare !&nbsp;&raquo;<\/span><\/a><\/p>\n","protected":false},"author":9,"featured_media":0,"comment_status":"closed","ping_status":"closed","sticky":false,"template":"","format":"standard","meta":{"footnotes":""},"categories":[1],"tags":[],"class_list":["post-696","post","type-post","status-publish","format-standard","hentry","category-non-classe"],"_links":{"self":[{"href":"https:\/\/cap-ailly.com\/capaillyblog\/wp-json\/wp\/v2\/posts\/696","targetHints":{"allow":["GET"]}}],"collection":[{"href":"https:\/\/cap-ailly.com\/capaillyblog\/wp-json\/wp\/v2\/posts"}],"about":[{"href":"https:\/\/cap-ailly.com\/capaillyblog\/wp-json\/wp\/v2\/types\/post"}],"author":[{"embeddable":true,"href":"https:\/\/cap-ailly.com\/capaillyblog\/wp-json\/wp\/v2\/users\/9"}],"replies":[{"embeddable":true,"href":"https:\/\/cap-ailly.com\/capaillyblog\/wp-json\/wp\/v2\/comments?post=696"}],"version-history":[{"count":7,"href":"https:\/\/cap-ailly.com\/capaillyblog\/wp-json\/wp\/v2\/posts\/696\/revisions"}],"predecessor-version":[{"id":721,"href":"https:\/\/cap-ailly.com\/capaillyblog\/wp-json\/wp\/v2\/posts\/696\/revisions\/721"}],"wp:attachment":[{"href":"https:\/\/cap-ailly.com\/capaillyblog\/wp-json\/wp\/v2\/media?parent=696"}],"wp:term":[{"taxonomy":"category","embeddable":true,"href":"https:\/\/cap-ailly.com\/capaillyblog\/wp-json\/wp\/v2\/categories?post=696"},{"taxonomy":"post_tag","embeddable":true,"href":"https:\/\/cap-ailly.com\/capaillyblog\/wp-json\/wp\/v2\/tags?post=696"}],"curies":[{"name":"wp","href":"https:\/\/api.w.org\/{rel}","templated":true}]}}