{"id":644,"date":"2022-09-05T10:53:20","date_gmt":"2022-09-05T08:53:20","guid":{"rendered":"https:\/\/cap-ailly.com\/capaillyblog\/?p=644"},"modified":"2022-09-05T10:53:20","modified_gmt":"2022-09-05T08:53:20","slug":"journees-europeennes-du-patrimoine-2022","status":"publish","type":"post","link":"https:\/\/cap-ailly.com\/capaillyblog\/journees-europeennes-du-patrimoine-2022\/","title":{"rendered":"Journ\u00e9es europ\u00e9ennes du Patrimoine 2022"},"content":{"rendered":"\n<p>Le phare d&rsquo;Ailly sera ouvert \u00e0 la visite lors des journ\u00e9es europ\u00e9ennes du Patrimoine le samedi 17 septembre de 10h \u00e0 12h et de 14h \u00e0 17h30 et le dimanche 18 septembre de 10h \u00e0 12h et de 14h \u00e0 17h30<\/p>\n\n\n\n<p><\/p>\n\n\n\n<p><\/p>\n\n\n\n<figure class=\"wp-block-image size-large\"><img loading=\"lazy\" decoding=\"async\" width=\"724\" height=\"1024\" src=\"https:\/\/cap-ailly.com\/capaillyblog\/wp-content\/uploads\/2022\/09\/2022-A4-JOURNEES-PATRIMOINE-PHARE-AILLY-724x1024.jpg\" alt=\"\" class=\"wp-image-632\" srcset=\"https:\/\/cap-ailly.com\/capaillyblog\/wp-content\/uploads\/2022\/09\/2022-A4-JOURNEES-PATRIMOINE-PHARE-AILLY-724x1024.jpg 724w, https:\/\/cap-ailly.com\/capaillyblog\/wp-content\/uploads\/2022\/09\/2022-A4-JOURNEES-PATRIMOINE-PHARE-AILLY-212x300.jpg 212w, https:\/\/cap-ailly.com\/capaillyblog\/wp-content\/uploads\/2022\/09\/2022-A4-JOURNEES-PATRIMOINE-PHARE-AILLY-768x1086.jpg 768w, https:\/\/cap-ailly.com\/capaillyblog\/wp-content\/uploads\/2022\/09\/2022-A4-JOURNEES-PATRIMOINE-PHARE-AILLY-1086x1536.jpg 1086w, https:\/\/cap-ailly.com\/capaillyblog\/wp-content\/uploads\/2022\/09\/2022-A4-JOURNEES-PATRIMOINE-PHARE-AILLY.jpg 1414w\" sizes=\"auto, (max-width: 724px) 100vw, 724px\" \/><figcaption>Journ\u00e9es europ\u00e9ennes du Patrimoine<\/figcaption><\/figure>\n","protected":false},"excerpt":{"rendered":"<p>Le phare d&rsquo;Ailly sera ouvert \u00e0 la visite lors des journ\u00e9es europ\u00e9ennes du Patrimoine le samedi 17 septembre de 10h \u00e0 12h et de 14h \u00e0 17h30 et le dimanche &hellip; <\/p>\n<p class=\"link-more\"><a href=\"https:\/\/cap-ailly.com\/capaillyblog\/journees-europeennes-du-patrimoine-2022\/\" class=\"more-link\">Continuer la lecture<span class=\"screen-reader-text\"> de &laquo;&nbsp;Journ\u00e9es europ\u00e9ennes du Patrimoine 2022&nbsp;&raquo;<\/span><\/a><\/p>\n","protected":false},"author":4,"featured_media":0,"comment_status":"closed","ping_status":"closed","sticky":false,"template":"","format":"standard","meta":{"footnotes":""},"categories":[1],"tags":[],"class_list":["post-644","post","type-post","status-publish","format-standard","hentry","category-non-classe"],"_links":{"self":[{"href":"https:\/\/cap-ailly.com\/capaillyblog\/wp-json\/wp\/v2\/posts\/644","targetHints":{"allow":["GET"]}}],"collection":[{"href":"https:\/\/cap-ailly.com\/capaillyblog\/wp-json\/wp\/v2\/posts"}],"about":[{"href":"https:\/\/cap-ailly.com\/capaillyblog\/wp-json\/wp\/v2\/types\/post"}],"author":[{"embeddable":true,"href":"https:\/\/cap-ailly.com\/capaillyblog\/wp-json\/wp\/v2\/users\/4"}],"replies":[{"embeddable":true,"href":"https:\/\/cap-ailly.com\/capaillyblog\/wp-json\/wp\/v2\/comments?post=644"}],"version-history":[{"count":2,"href":"https:\/\/cap-ailly.com\/capaillyblog\/wp-json\/wp\/v2\/posts\/644\/revisions"}],"predecessor-version":[{"id":647,"href":"https:\/\/cap-ailly.com\/capaillyblog\/wp-json\/wp\/v2\/posts\/644\/revisions\/647"}],"wp:attachment":[{"href":"https:\/\/cap-ailly.com\/capaillyblog\/wp-json\/wp\/v2\/media?parent=644"}],"wp:term":[{"taxonomy":"category","embeddable":true,"href":"https:\/\/cap-ailly.com\/capaillyblog\/wp-json\/wp\/v2\/categories?post=644"},{"taxonomy":"post_tag","embeddable":true,"href":"https:\/\/cap-ailly.com\/capaillyblog\/wp-json\/wp\/v2\/tags?post=644"}],"curies":[{"name":"wp","href":"https:\/\/api.w.org\/{rel}","templated":true}]}}