{"id":547,"date":"2022-05-30T13:22:14","date_gmt":"2022-05-30T11:22:14","guid":{"rendered":"https:\/\/cap-ailly.com\/capaillyblog\/?p=547"},"modified":"2022-05-30T13:25:13","modified_gmt":"2022-05-30T11:25:13","slug":"festival-daisy-electro","status":"publish","type":"post","link":"https:\/\/cap-ailly.com\/capaillyblog\/festival-daisy-electro\/","title":{"rendered":"Festival DAISY Electro"},"content":{"rendered":"\n<figure class=\"wp-block-image size-large\"><img loading=\"lazy\" decoding=\"async\" width=\"724\" height=\"1024\" src=\"https:\/\/cap-ailly.com\/capaillyblog\/wp-content\/uploads\/2022\/05\/FLYER_the-daisies-724x1024.png\" alt=\"\" class=\"wp-image-545\" srcset=\"https:\/\/cap-ailly.com\/capaillyblog\/wp-content\/uploads\/2022\/05\/FLYER_the-daisies-724x1024.png 724w, https:\/\/cap-ailly.com\/capaillyblog\/wp-content\/uploads\/2022\/05\/FLYER_the-daisies-212x300.png 212w, https:\/\/cap-ailly.com\/capaillyblog\/wp-content\/uploads\/2022\/05\/FLYER_the-daisies-768x1086.png 768w, https:\/\/cap-ailly.com\/capaillyblog\/wp-content\/uploads\/2022\/05\/FLYER_the-daisies-1086x1536.png 1086w, https:\/\/cap-ailly.com\/capaillyblog\/wp-content\/uploads\/2022\/05\/FLYER_the-daisies.png 1414w\" sizes=\"auto, (max-width: 724px) 100vw, 724px\" \/><\/figure>\n\n\n\n<p><\/p>\n\n\n\n<p>Les 3, 4 et 5 juin se tient la premi\u00e8re \u00e9dition du festival \u00e9lectro pop the daisies<br>Apr\u00e8s deux ann\u00e9es confin\u00e9es, masqu\u00e9es, brid\u00e9es, un collectif lance le Festival THE DAISIES, avec pour objectif de se retrouver, respirer au grand air et faire la f\u00eate au bord de la mer !<br>Parti d\u2019un \u00e9lan spontan\u00e9, cette initiative s\u2019est impos\u00e9e au fil de l\u2019eau, comme une n\u00e9cessit\u00e9. Lanc\u00e9 en mode collaboratif, nous avons \u00e9t\u00e9 \u00e0 la rencontre de nos proches, de nos voisins, de nos connaissances, et chemin faisant nous nous sommes aper\u00e7us que bon nombre d\u2019entre nous partageait la m\u00eame envie, l\u2019\u00e9lan de d\u00e9part a fait boule de neige et aujourd\u2019hui nombreux sont ceux qui contribuent \u00e0 cette dynamique collective et \u00e0 ce projet en train de se faire.<br>Bas\u00e9 sur le volontariat, des agriculteurs se mobilisent, l\u2019un fournit les ballots de paille, l\u2019autre les engins pour pr\u00e9parer les herbages qui accueilleront le festival, les mairies et associations environnantes fournissent la sc\u00e8ne de concert, le son, la lumi\u00e8re, les tables \u2026, les artisans locaux s\u2019activent pour concocter cocktails organiques et assiettes garnies, le sommelier du coin pr\u00e9pare ses f\u00fbts, les artistes se passent le mot et des volontaires de tous horizons se manifestent pour fabriquer le d\u00e9cor, tenir le bar, etc.<br>Le Daisies Festival (les marguerites en fran\u00e7ais), dont c\u2019est la premi\u00e8re \u00e9dition, et qui a pour ambition de devenir un rendez-vous annuel, d\u00e9fricheur et promoteur de talents, se d\u00e9roulera dans les granges attenantes au ch\u00e2teau de Ste Marguerite-sur-mer. Ce lieu paradisiaque situ\u00e9 au bord de la mer permet aux festivaliers d\u2019aller et venir \u00e0 pied jusqu\u2019\u00e0 la plage. Ce festival ouvert \u00e0 tous, y compris aux familles, accueillera le public de 18 \u00e0 23h, le vendredi 3, et de midi \u00e0 minuit, le samedi 4 et dimanche 5. <br>Il comprendra deux sc\u00e8nes, une sc\u00e8ne \u00e9lectro et une sc\u00e8ne pop (pour populaire, l\u2019ADN du festival, ouvert \u00e0 tous et pour tous), un espace pour les enfants, des artistes plasticiens, des plats \u00e0 d\u00e9guster et une buvette. L\u2019entr\u00e9e est libre, chacun est invit\u00e9 \u00e0 contribuer selon ses moyens et son envie.<br>Parmi les artistes, Le Daisies Festival accueillera notamment : <\/p>\n\n\n\n<p>Le Douze un groupe lib\u00e9r\u00e9 des contraintes de genres ou de formats, lien ICI ; LUZ, une artiste \u00e0 la voix singuli\u00e8re et d\u00e9licate ;<br>Les DYECRAP, un groupe rouennais d\u00e9cal\u00e9 &amp; r\u00e9tro, lien ICI , des artistes issus de la sc\u00e8ne \u00e9lectro tels que DJ XyZ originaire de Dieppe, producteur de compilations et mixtapes; <br>Pierre WAX, DJ fran\u00e7ais passionn\u00e9 de disco et de toutes ses variantes ; <br>ou encore La Poche Rose ; <br>Au total, une vingtaine de formations pop et \u00e9lectro, pour un public de tous \u00e2ges et tous horizons.<br>\u00ab En quelques semaines, nombreux sont ceux qui ont rejoint l\u2019histoire sur la base du volontariat, pour mettre la main \u00e0 la patte et participer \u00e0 l\u2019organisation de cette premi\u00e8re \u00e9dition. Chacun y va de sa contribution, plus on avance, plus l\u2019exp\u00e9rience est riche. Ce festival permet de rencontrer et partager des moments, avec des gens \u00e0 c\u00f4t\u00e9 de chez soi ou d\u2019ailleurs. Ce lien c\u2019\u00e9tait notre motivation premi\u00e8re, aujourd\u2019hui c\u2019est notre carburant. Ce que nous cherchons \u00e0 d\u00e9velopper c\u2019est un festival \u00e0 taille humaine, un compromis entre l\u2019esprit des grands festivals et la f\u00eate du coin, dans le temps c\u2019est cet esprit que nous chercherons \u00e0 pr\u00e9server \u00bb commente Stanislas, co-fondateur du festival<br>\u00ab L\u2019exp\u00e9rience est assez grisante et effrayante \u00e0 la fois, les choses vont vite, les pi\u00e8ces du puzzle s\u2019agr\u00e8gent les unes aux autres de mani\u00e8re organique, c\u2019est \u00e0 la fois chaotique et tr\u00e8s organis\u00e9e, c\u2019est difficile de voir ce que va donner au final, mais nous sommes port\u00e9s par l\u2019\u00e9nergie de tous ceux qui y contribuent, l\u2019exp\u00e9rience du chemin qui m\u00e8ne jusqu\u2019au festival sera certainement aussi riche que le festival lui-m\u00eame \u00bb ajoute L\u00e9a, co-fondatrice du festival.<br>Nous vous attendons nombreux, ce n\u2019est pas la place qui manque !<br><\/p>\n","protected":false},"excerpt":{"rendered":"<p>Les 3, 4 et 5 juin se tient la premi\u00e8re \u00e9dition du festival \u00e9lectro pop the daisiesApr\u00e8s deux ann\u00e9es confin\u00e9es, masqu\u00e9es, brid\u00e9es, un collectif lance le Festival THE DAISIES, avec &hellip; <\/p>\n<p class=\"link-more\"><a href=\"https:\/\/cap-ailly.com\/capaillyblog\/festival-daisy-electro\/\" class=\"more-link\">Continuer la lecture<span class=\"screen-reader-text\"> de &laquo;&nbsp;Festival DAISY Electro&nbsp;&raquo;<\/span><\/a><\/p>\n","protected":false},"author":1,"featured_media":0,"comment_status":"closed","ping_status":"closed","sticky":false,"template":"","format":"standard","meta":{"footnotes":""},"categories":[1],"tags":[],"class_list":["post-547","post","type-post","status-publish","format-standard","hentry","category-non-classe"],"_links":{"self":[{"href":"https:\/\/cap-ailly.com\/capaillyblog\/wp-json\/wp\/v2\/posts\/547","targetHints":{"allow":["GET"]}}],"collection":[{"href":"https:\/\/cap-ailly.com\/capaillyblog\/wp-json\/wp\/v2\/posts"}],"about":[{"href":"https:\/\/cap-ailly.com\/capaillyblog\/wp-json\/wp\/v2\/types\/post"}],"author":[{"embeddable":true,"href":"https:\/\/cap-ailly.com\/capaillyblog\/wp-json\/wp\/v2\/users\/1"}],"replies":[{"embeddable":true,"href":"https:\/\/cap-ailly.com\/capaillyblog\/wp-json\/wp\/v2\/comments?post=547"}],"version-history":[{"count":3,"href":"https:\/\/cap-ailly.com\/capaillyblog\/wp-json\/wp\/v2\/posts\/547\/revisions"}],"predecessor-version":[{"id":550,"href":"https:\/\/cap-ailly.com\/capaillyblog\/wp-json\/wp\/v2\/posts\/547\/revisions\/550"}],"wp:attachment":[{"href":"https:\/\/cap-ailly.com\/capaillyblog\/wp-json\/wp\/v2\/media?parent=547"}],"wp:term":[{"taxonomy":"category","embeddable":true,"href":"https:\/\/cap-ailly.com\/capaillyblog\/wp-json\/wp\/v2\/categories?post=547"},{"taxonomy":"post_tag","embeddable":true,"href":"https:\/\/cap-ailly.com\/capaillyblog\/wp-json\/wp\/v2\/tags?post=547"}],"curies":[{"name":"wp","href":"https:\/\/api.w.org\/{rel}","templated":true}]}}