{"id":505,"date":"2021-09-21T19:26:22","date_gmt":"2021-09-21T17:26:22","guid":{"rendered":"https:\/\/cap-ailly.com\/capaillyblog\/?p=505"},"modified":"2022-05-30T13:23:10","modified_gmt":"2022-05-30T11:23:10","slug":"jpe2021-visites-du-phare","status":"publish","type":"post","link":"https:\/\/cap-ailly.com\/capaillyblog\/jpe2021-visites-du-phare\/","title":{"rendered":"JPE2021 &#8211; Visites du Phare"},"content":{"rendered":"\n<div class=\"wp-block-columns are-vertically-aligned-top is-layout-flex wp-container-core-columns-is-layout-9d6595d7 wp-block-columns-is-layout-flex\">\n<div class=\"wp-block-column is-vertically-aligned-top is-layout-flow wp-block-column-is-layout-flow\" style=\"flex-basis:100%\">\n<div class=\"wp-block-columns is-layout-flex wp-container-core-columns-is-layout-9d6595d7 wp-block-columns-is-layout-flex\">\n<div class=\"wp-block-column is-layout-flow wp-block-column-is-layout-flow\">\n<div class=\"wp-block-columns is-layout-flex wp-container-core-columns-is-layout-9d6595d7 wp-block-columns-is-layout-flex\">\n<div class=\"wp-block-column is-layout-flow wp-block-column-is-layout-flow\" style=\"flex-basis:33.33%\">\n<figure class=\"wp-block-image size-large\"><img loading=\"lazy\" decoding=\"async\" width=\"721\" height=\"1024\" src=\"https:\/\/cap-ailly.com\/capaillyblog\/wp-content\/uploads\/2021\/09\/jpe2021_affiche-721x1024.jpg\" alt=\"\" class=\"wp-image-506\"\/><\/figure>\n<\/div>\n\n\n\n<div class=\"wp-block-column is-layout-flow wp-block-column-is-layout-flow\" style=\"flex-basis:66.66%\">\n<p> Un grand merci&nbsp; \u00e0 tous nos b\u00e9n\u00e9voles qui ont assur\u00e9 la permanence et l&rsquo;organisation des visites du phare lors de ces Journ\u00e9es du Patrimoine 2021. Plus de 20 personnes mobilis\u00e9es en permanence sur deux jours !&#8230; Quel plaisir de se retrouver enfin tous ensemble apr\u00e8s ces mois d&rsquo;inactivit\u00e9 et d&rsquo;oisivet\u00e9 forc\u00e9es ! &#8230;.<br>Ce sont&nbsp;&nbsp;<strong>931<\/strong>&nbsp;personnes qui ont \u00e9t\u00e9 filtr\u00e9es et&nbsp; scann\u00e9es par le pass sanitaire et achemin\u00e9es vers l&rsquo;int\u00e9rieur du phare, dans une ambiance conviviale et sympathique. La jauge \u00e0 la&nbsp;lanterne ayant \u00e9t\u00e9 fix\u00e9e \u00e0 10 personnes \u00e0 la&nbsp;fois, c&rsquo;est donc pr\u00e8s de 100 groupes de visites qui ont \u00e9t\u00e9 r\u00e9alis\u00e9s sur deux jours !&#8230;.<\/p>\n\n\n\n<p>Nous avons \u00e9t\u00e9 class\u00e9s parmi les dix lieux \u00e0 visiter sur le d\u00e9partement 76 lors de ces journ\u00e9es du patrimoine. ( voir le lien:&nbsp;<a href=\"https:\/\/www.paris-normandie.fr\/id230975\/article\/2021-09-15\/journees-du-patrimoine-nos-dix-lieux-coup-de-coeur-decouvrir-en-normandie\" target=\"_blank\" rel=\"noreferrer noopener\">https:\/\/www.paris-normandie.fr\/id230975\/article\/2021-09-15\/journees-du-patrimoine-nos-dix-lieux-coup-de-coeur-decouvrir-en-normandie<\/a>&nbsp;)<br>Un grand merci \u00e0 nos&nbsp;guides qui ont assur\u00e9 \u00e0&nbsp;quatre, durant deux jours, ces&nbsp;visites largement comment\u00e9es !&#8230;<br>Cette ann\u00e9e, en accord avec St\u00e9phane Lenormand, chef de p\u00f4le de la DIRM Phares et Balises du Havre, nous avons d\u00e9cid\u00e9 de restreindre les expositions sous tente pour limiter les rassemblements trop importants en p\u00e9riode de covid. ( pour rappel, 1500 personnes en 2019 )<\/p>\n<\/div>\n<\/div>\n\n\n\n<p>Nous avons, une fois de plus, constat\u00e9 l&rsquo;int\u00e9r\u00eat patrimonial que suscitent notre phare et son histoire, avec toujours ces moments d&rsquo;\u00e9motion lors de t\u00e9moignages d&rsquo;anciens qui se souviennent&nbsp;de nos illustres gardiens de phare qui \u00e9taient toujours pr\u00eats \u00e0 accueillir les visiteurs ! &#8230; Le devoir de m\u00e9moire \u00e9tait particuli\u00e8rement pr\u00e9gnant durant ces deux jours!&#8230;<br>Plus que jamais, la r\u00e9habilitation du phare d&rsquo;Ailly avec ouverture au public prend tout son sens dans ces moments de visite exceptionnelle,&nbsp;et nous remercions tous les acteurs institutionnels de ce beau projet pour leur t\u00e9nacit\u00e9 et leur volont\u00e9 \u00e0 voir un jour aboutir cette ouverture permanente au public pour laquelle notre association milite depuis tant d&rsquo;ann\u00e9es maintenant ( 2012).<br>Un grand merci aussi pour leur confiance, \u00e0 la&nbsp;<strong>DIRM Phares et Balises du Havre<\/strong>, sans qui ces journ\u00e9es d&rsquo;ouvertures exceptionnelles ne pourraient avoir lieu.Un grand merci \u00e0 la municipalit\u00e9 de Sainte Marguerite sur Mer et \u00e0 Olivier Deconihout, notre maire qui nous ont aid\u00e9 dans&nbsp;la&nbsp;logistique, en pr\u00eat de mat\u00e9riels et d&rsquo;\u00e9quipements pour s\u00e9curiser le lieu.<br>Vous trouverez ci joint les statistiques de ces journ\u00e9es, avec les d\u00e9partements&nbsp;et pays d&rsquo;origine des visiteurs. Ils viennent parfois de tr\u00e8s loin ! &#8230;.RDV en 2022 !&#8230;Bien cordialement \u00e0 tous!<\/p>\n<\/div>\n<\/div>\n<\/div>\n<\/div>\n\n\n\n<figure class=\"wp-block-image size-full\"><img loading=\"lazy\" decoding=\"async\" width=\"624\" height=\"779\" src=\"https:\/\/cap-ailly.com\/capaillyblog\/wp-content\/uploads\/2021\/09\/STAT-JEP-2021.jpg\" alt=\"\" class=\"wp-image-510\" srcset=\"https:\/\/cap-ailly.com\/capaillyblog\/wp-content\/uploads\/2021\/09\/STAT-JEP-2021.jpg 624w, https:\/\/cap-ailly.com\/capaillyblog\/wp-content\/uploads\/2021\/09\/STAT-JEP-2021-240x300.jpg 240w\" sizes=\"auto, (max-width: 624px) 100vw, 624px\" \/><\/figure>\n","protected":false},"excerpt":{"rendered":"<p>Un grand merci&nbsp; \u00e0 tous nos b\u00e9n\u00e9voles qui ont assur\u00e9 la permanence et l&rsquo;organisation des visites du phare lors de ces Journ\u00e9es du Patrimoine 2021. Plus de 20 personnes mobilis\u00e9es &hellip; <\/p>\n<p class=\"link-more\"><a href=\"https:\/\/cap-ailly.com\/capaillyblog\/jpe2021-visites-du-phare\/\" class=\"more-link\">Continuer la lecture<span class=\"screen-reader-text\"> de &laquo;&nbsp;JPE2021 &#8211; Visites du Phare&nbsp;&raquo;<\/span><\/a><\/p>\n","protected":false},"author":1,"featured_media":0,"comment_status":"closed","ping_status":"closed","sticky":false,"template":"","format":"standard","meta":{"footnotes":""},"categories":[1],"tags":[],"class_list":["post-505","post","type-post","status-publish","format-standard","hentry","category-non-classe"],"_links":{"self":[{"href":"https:\/\/cap-ailly.com\/capaillyblog\/wp-json\/wp\/v2\/posts\/505","targetHints":{"allow":["GET"]}}],"collection":[{"href":"https:\/\/cap-ailly.com\/capaillyblog\/wp-json\/wp\/v2\/posts"}],"about":[{"href":"https:\/\/cap-ailly.com\/capaillyblog\/wp-json\/wp\/v2\/types\/post"}],"author":[{"embeddable":true,"href":"https:\/\/cap-ailly.com\/capaillyblog\/wp-json\/wp\/v2\/users\/1"}],"replies":[{"embeddable":true,"href":"https:\/\/cap-ailly.com\/capaillyblog\/wp-json\/wp\/v2\/comments?post=505"}],"version-history":[{"count":5,"href":"https:\/\/cap-ailly.com\/capaillyblog\/wp-json\/wp\/v2\/posts\/505\/revisions"}],"predecessor-version":[{"id":514,"href":"https:\/\/cap-ailly.com\/capaillyblog\/wp-json\/wp\/v2\/posts\/505\/revisions\/514"}],"wp:attachment":[{"href":"https:\/\/cap-ailly.com\/capaillyblog\/wp-json\/wp\/v2\/media?parent=505"}],"wp:term":[{"taxonomy":"category","embeddable":true,"href":"https:\/\/cap-ailly.com\/capaillyblog\/wp-json\/wp\/v2\/categories?post=505"},{"taxonomy":"post_tag","embeddable":true,"href":"https:\/\/cap-ailly.com\/capaillyblog\/wp-json\/wp\/v2\/tags?post=505"}],"curies":[{"name":"wp","href":"https:\/\/api.w.org\/{rel}","templated":true}]}}