{"id":140,"date":"2019-07-20T16:18:45","date_gmt":"2019-07-20T14:18:45","guid":{"rendered":"https:\/\/cap-ailly.com\/capaillyblog\/?p=140"},"modified":"2019-09-17T10:33:32","modified_gmt":"2019-09-17T08:33:32","slug":"salon-dete-20-juillet-au-11-aout-2019","status":"publish","type":"post","link":"https:\/\/cap-ailly.com\/capaillyblog\/salon-dete-20-juillet-au-11-aout-2019\/","title":{"rendered":"Salon d\u2019\u00c9t\u00e9 &#8211; 20 juillet au 11 ao\u00fbt 2019"},"content":{"rendered":"\n<p>A la Salle du Point de rencontre de Ste Marguerite sur Mer (76) &#8211; l\u00e0 o\u00f9 se trouve le petit march\u00e9 fermier du samedi &#8230;<br>Du samedi 20 juillet (vernissage) au dimanche 11 ao\u00fbt 2019, venez d\u00e9couvrir, dans un magnifique d\u00e9cor, 2 sculpteurs et 1 peintre, qui passent \u00e0 \u00ab\u00a0l&rsquo;Abordage\u00a0\u00bb !!<br>Avec Johanna Ha\u00efv\u00e4oja | Fran\u00e7ois Blosseville |&nbsp;Paul Laufer&nbsp;|<\/p>\n\n\n\n<p><img loading=\"lazy\" decoding=\"async\" width=\"500\" height=\"333\" class=\"wp-image-177\" style=\"width: 500px;\" src=\"https:\/\/cap-ailly.com\/capaillyblog\/wp-content\/uploads\/2019\/09\/laufer-blosseville-2019.jpg\" alt=\"\" srcset=\"https:\/\/cap-ailly.com\/capaillyblog\/wp-content\/uploads\/2019\/09\/laufer-blosseville-2019.jpg 840w, https:\/\/cap-ailly.com\/capaillyblog\/wp-content\/uploads\/2019\/09\/laufer-blosseville-2019-300x200.jpg 300w, https:\/\/cap-ailly.com\/capaillyblog\/wp-content\/uploads\/2019\/09\/laufer-blosseville-2019-768x512.jpg 768w\" sizes=\"auto, (max-width: 500px) 100vw, 500px\" \/><br><br>Salon organis\u00e9 par Association CAP du Pays de l&rsquo;Ailly et l&rsquo;\u00e9quipe de b\u00e9n\u00e9voles <\/p>\n\n\n\n<p><\/p>\n\n\n\n<p><\/p>\n\n\n\n<p class=\"has-background has-drop-cap has-cyan-bluish-gray-background-color\">NOS PARTENAIRES : <br><br> Le D\u00e9partement 76 &#8211; Les Mairies de :  Quiberville,  Longueil et Sainte Marguerite sur Mer<\/p>\n\n\n\n<p><\/p>\n\n\n\n<p><\/p>\n","protected":false},"excerpt":{"rendered":"<p>A la Salle du Point de rencontre de Ste Marguerite sur Mer (76) &#8211; l\u00e0 o\u00f9 se trouve le petit march\u00e9 fermier du samedi &#8230;Du samedi 20 juillet (vernissage) au &hellip; <\/p>\n<p class=\"link-more\"><a href=\"https:\/\/cap-ailly.com\/capaillyblog\/salon-dete-20-juillet-au-11-aout-2019\/\" class=\"more-link\">Continuer la lecture<span class=\"screen-reader-text\"> de &laquo;&nbsp;Salon d\u2019\u00c9t\u00e9 &#8211; 20 juillet au 11 ao\u00fbt 2019&nbsp;&raquo;<\/span><\/a><\/p>\n","protected":false},"author":2,"featured_media":182,"comment_status":"closed","ping_status":"closed","sticky":false,"template":"","format":"standard","meta":{"footnotes":""},"categories":[1],"tags":[],"class_list":["post-140","post","type-post","status-publish","format-standard","has-post-thumbnail","hentry","category-non-classe"],"_links":{"self":[{"href":"https:\/\/cap-ailly.com\/capaillyblog\/wp-json\/wp\/v2\/posts\/140","targetHints":{"allow":["GET"]}}],"collection":[{"href":"https:\/\/cap-ailly.com\/capaillyblog\/wp-json\/wp\/v2\/posts"}],"about":[{"href":"https:\/\/cap-ailly.com\/capaillyblog\/wp-json\/wp\/v2\/types\/post"}],"author":[{"embeddable":true,"href":"https:\/\/cap-ailly.com\/capaillyblog\/wp-json\/wp\/v2\/users\/2"}],"replies":[{"embeddable":true,"href":"https:\/\/cap-ailly.com\/capaillyblog\/wp-json\/wp\/v2\/comments?post=140"}],"version-history":[{"count":14,"href":"https:\/\/cap-ailly.com\/capaillyblog\/wp-json\/wp\/v2\/posts\/140\/revisions"}],"predecessor-version":[{"id":283,"href":"https:\/\/cap-ailly.com\/capaillyblog\/wp-json\/wp\/v2\/posts\/140\/revisions\/283"}],"wp:featuredmedia":[{"embeddable":true,"href":"https:\/\/cap-ailly.com\/capaillyblog\/wp-json\/wp\/v2\/media\/182"}],"wp:attachment":[{"href":"https:\/\/cap-ailly.com\/capaillyblog\/wp-json\/wp\/v2\/media?parent=140"}],"wp:term":[{"taxonomy":"category","embeddable":true,"href":"https:\/\/cap-ailly.com\/capaillyblog\/wp-json\/wp\/v2\/categories?post=140"},{"taxonomy":"post_tag","embeddable":true,"href":"https:\/\/cap-ailly.com\/capaillyblog\/wp-json\/wp\/v2\/tags?post=140"}],"curies":[{"name":"wp","href":"https:\/\/api.w.org\/{rel}","templated":true}]}}