{"id":1,"date":"2019-09-10T08:25:56","date_gmt":"2019-09-10T06:25:56","guid":{"rendered":"http:\/\/cap-ailly.com\/capaillyblog\/?p=1"},"modified":"2019-09-17T11:05:48","modified_gmt":"2019-09-17T09:05:48","slug":"bonjour-tout-le-monde","status":"publish","type":"post","link":"https:\/\/cap-ailly.com\/capaillyblog\/bonjour-tout-le-monde\/","title":{"rendered":"Journ\u00e9es Europ\u00e9ennes du Patrimoine &#8211; 21 et 22 Septembre 2019"},"content":{"rendered":"\n<p>Le phare est ouvert au public (visites guid\u00e9es) samedi 21 et dimanche 22 Septembre 2019 de 10 h \u00e0 12 h et de 13 h \u00e0 17 h. <br>A l&rsquo;heure actuelle, ce sont les seules journ\u00e9es o\u00f9 il est possible de le visiter. Alors, venez retrouver l&rsquo;\u00e9quipe des b\u00e9n\u00e9voles pour une magnifique d\u00e9couverte !<br><br>L&rsquo;accueil est assur\u00e9 par l&rsquo;\u00e9quipe du CAP du Pays de l&rsquo;Ailly et ses partenaires.<br>Les acteurs du projet de transformation du site seront pr\u00e9sents sur leurs stands et se feront un plaisir de r\u00e9pondre \u00e0 vos nombreuses questions sur la r\u00e9-ouverture du phare au public, d&rsquo;ici 2 \u00e0 3 ans.<\/p>\n\n\n\n<figure class=\"wp-block-image\"><img loading=\"lazy\" decoding=\"async\" width=\"500\" height=\"713\" src=\"https:\/\/cap-ailly.com\/capaillyblog\/wp-content\/uploads\/2019\/09\/JPE-2019-PHARE-AILLY-500x700.jpg\" alt=\"JPE 2019 Phare Ailly\" class=\"wp-image-196\" srcset=\"https:\/\/cap-ailly.com\/capaillyblog\/wp-content\/uploads\/2019\/09\/JPE-2019-PHARE-AILLY-500x700.jpg 500w, https:\/\/cap-ailly.com\/capaillyblog\/wp-content\/uploads\/2019\/09\/JPE-2019-PHARE-AILLY-500x700-210x300.jpg 210w\" sizes=\"auto, (max-width: 500px) 100vw, 500px\" \/><\/figure>\n\n\n\n<p style=\"background-color:#7aafcd\" class=\"has-background has-drop-cap\">NOS PARTENAIRES  :  <br><br>ADIRM (Phares et Balises) &#8211; Conservatoire du Littoral -Dieppe Maritime Tourisme &#8211;  D\u00e9partement 76 &#8211;  Mairies de : Quiberville, Longueil et Sainte Marguerite sur Mer<\/p>\n","protected":false},"excerpt":{"rendered":"<p>Le phare est ouvert au public (visites guid\u00e9es) samedi 21 et dimanche 22 Septembre 2019 de 10 h \u00e0 12 h et de 13 h \u00e0 17 h. A l&rsquo;heure &hellip; <\/p>\n<p class=\"link-more\"><a href=\"https:\/\/cap-ailly.com\/capaillyblog\/bonjour-tout-le-monde\/\" class=\"more-link\">Continuer la lecture<span class=\"screen-reader-text\"> de &laquo;&nbsp;Journ\u00e9es Europ\u00e9ennes du Patrimoine &#8211; 21 et 22 Septembre 2019&nbsp;&raquo;<\/span><\/a><\/p>\n","protected":false},"author":1,"featured_media":0,"comment_status":"closed","ping_status":"closed","sticky":false,"template":"","format":"standard","meta":{"footnotes":""},"categories":[1],"tags":[],"class_list":["post-1","post","type-post","status-publish","format-standard","hentry","category-non-classe"],"_links":{"self":[{"href":"https:\/\/cap-ailly.com\/capaillyblog\/wp-json\/wp\/v2\/posts\/1","targetHints":{"allow":["GET"]}}],"collection":[{"href":"https:\/\/cap-ailly.com\/capaillyblog\/wp-json\/wp\/v2\/posts"}],"about":[{"href":"https:\/\/cap-ailly.com\/capaillyblog\/wp-json\/wp\/v2\/types\/post"}],"author":[{"embeddable":true,"href":"https:\/\/cap-ailly.com\/capaillyblog\/wp-json\/wp\/v2\/users\/1"}],"replies":[{"embeddable":true,"href":"https:\/\/cap-ailly.com\/capaillyblog\/wp-json\/wp\/v2\/comments?post=1"}],"version-history":[{"count":10,"href":"https:\/\/cap-ailly.com\/capaillyblog\/wp-json\/wp\/v2\/posts\/1\/revisions"}],"predecessor-version":[{"id":294,"href":"https:\/\/cap-ailly.com\/capaillyblog\/wp-json\/wp\/v2\/posts\/1\/revisions\/294"}],"wp:attachment":[{"href":"https:\/\/cap-ailly.com\/capaillyblog\/wp-json\/wp\/v2\/media?parent=1"}],"wp:term":[{"taxonomy":"category","embeddable":true,"href":"https:\/\/cap-ailly.com\/capaillyblog\/wp-json\/wp\/v2\/categories?post=1"},{"taxonomy":"post_tag","embeddable":true,"href":"https:\/\/cap-ailly.com\/capaillyblog\/wp-json\/wp\/v2\/tags?post=1"}],"curies":[{"name":"wp","href":"https:\/\/api.w.org\/{rel}","templated":true}]}}